[{"@context":"https:\/\/schema.org\/","@type":"Article","@id":"https:\/\/www.crho.cz\/zapomente-na-neprijemnosti-objednejte-si-levne-stehovani-praha\/#Article","mainEntityOfPage":"https:\/\/www.crho.cz\/zapomente-na-neprijemnosti-objednejte-si-levne-stehovani-praha\/","headline":"Zapome\u0148te na nep\u0159\u00edjemnosti, objednejte si levn\u00e9 st\u011bhov\u00e1n\u00ed Praha!","name":"Zapome\u0148te na nep\u0159\u00edjemnosti, objednejte si levn\u00e9 st\u011bhov\u00e1n\u00ed Praha!","description":"Stoj\u00edte p\u0159ed pln\u00fdm bytem, kter\u00fd p\u0159et\u00e9k\u00e1 v\u011bcmi, https:\/\/plzensky.denik.cz\/kultura_region\/mam-radost-kdyz-moji-posluchaci-o-hudbe-premysleji-konstatuje-tomas-reindl-20180115.html a u\u017e nyn\u00ed v\u00e1m vst\u00e1vaj\u00ed vlasy na hlav\u011b p\u0159i p\u0159edstav\u011b, \u017ee toto v\u0161echno budete muset v dohledn\u00e9 dob\u011b p\u0159em\u00edstit z m\u00edsta na [&hellip;]","datePublished":"2019-08-22","dateModified":"2019-08-22","author":{"@type":"Person","@id":"https:\/\/www.crho.cz\/author\/#Person","name":"crho.cz\n","url":"https:\/\/www.crho.cz\/author\/","identifier":1,"image":{"@type":"ImageObject","@id":"https:\/\/secure.gravatar.com\/avatar\/9bbe1b3bd68cf5b616cc697a459b86e3be4df6c120806baf939f8aad94b0a3d6?s=96&d=mm&r=g","url":"https:\/\/secure.gravatar.com\/avatar\/9bbe1b3bd68cf5b616cc697a459b86e3be4df6c120806baf939f8aad94b0a3d6?s=96&d=mm&r=g","height":96,"width":96}},"publisher":{"@type":"Organization","name":"crho.cz","logo":{"@type":"ImageObject","@id":"\/logo.png","url":"\/logo.png","width":600,"height":60}},"image":{"@type":"ImageObject","@id":"https:\/\/www.crho.cz\/wp-content\/uploads\/img_a360759_w1949_t1574322977.jpg","url":"https:\/\/www.crho.cz\/wp-content\/uploads\/img_a360759_w1949_t1574322977.jpg","height":0,"width":0},"url":"https:\/\/www.crho.cz\/zapomente-na-neprijemnosti-objednejte-si-levne-stehovani-praha\/","about":["Pen\u00edze"],"wordCount":431,"articleBody":"      Stoj\u00edte p\u0159ed pln\u00fdm bytem, kter\u00fd p\u0159et\u00e9k\u00e1 v\u011bcmi,  https:\/\/plzensky.denik.cz\/kultura_region\/mam-radost-kdyz-moji-posluchaci-o-hudbe-premysleji-konstatuje-tomas-reindl-20180115.html a u\u017e nyn\u00ed v\u00e1m vst\u00e1vaj\u00ed vlasy na hlav\u011b p\u0159i p\u0159edstav\u011b, \u017ee toto v\u0161echno budete muset v dohledn\u00e9 dob\u011b p\u0159em\u00edstit z m\u00edsta na m\u00edsto?  Jak u\u017e to b\u00fdv\u00e1, zm\u011bna adresy s sebou nese nejedno \u00faskal\u00ed a nep\u0159\u00edjemnost, a pr\u00e1v\u011b toto je jedno z nich. Ov\u0161em nen\u00ed se t\u0159eba b\u00e1t, ani st\u011bhov\u00e1n\u00ed nemus\u00ed b\u00fdt tak slo\u017eit\u00e9, jak si to lid\u00e9 v\u011bt\u0161inou mysl\u00ed. Ba co v\u00edc, dokonce to m\u016f\u017ee b\u00fdt akce, kter\u00e1 bude rychl\u00e1, p\u0159\u00edjemn\u00e1 a bez rizika. Pakli\u017ee tomu nev\u011b\u0159\u00edte, pak jste pravd\u011bpodobn\u011b je\u0161t\u011b neoslovili tu spr\u00e1vnou firmu. Kdy\u017e se spolehnete na profesion\u00e1ly, za kter\u00fdmi stoj\u00ed l\u00e9ta zku\u0161enost\u00ed, tak se nem\u00e1te \u010deho b\u00e1t. Cestou se nic neztrat\u00ed ani nerozbije, v\u0161e bude rychle hotovo, a je\u0161t\u011b ke v\u0161emu to bude za p\u0159\u00edjemnou cenu! Chcete u\u0161et\u0159it? Nemus\u00edte vybaven\u00ed sv\u00e9ho bytu nosit na z\u00e1dech V\u0161ichni ti, kdo maj\u00ed hluboko do kapsy, v\u017edy intenzivn\u011b p\u0159em\u00fd\u0161lej\u00ed nad t\u00edm, jak by na takov\u00e9m st\u011bhov\u00e1n\u00ed mohli co nejv\u00edce u\u0161et\u0159it. V takov\u00e9 situaci je p\u0159irozen\u011b napadnou dv\u011b v\u011bci: Za prv\u00e9, \u017ee mus\u00ed sehnat n\u011bkoho ochotn\u00e9ho, kdo jim s p\u0159en\u00e1\u0161en\u00edm vybaven\u00ed bytu pom\u016f\u017ee. A za druh\u00e9, \u017ee si mus\u00ed opat\u0159it vozidlo s objemn\u00fdm n\u00e1kladn\u00edm prostorem, kde se vejde v\u0161e, co je t\u0159eba p\u0159ev\u00e9zt z m\u00edsta na m\u00edsto. Ka\u017ed\u00fd, kdo ji\u017e n\u011bkdy podobn\u00fd proces absolvoval, anebo minim\u00e1ln\u011b st\u011bhoval velk\u00e9 sk\u0159\u00edn\u011b z jedn\u00e9 m\u00edstnosti do druh\u00e9, moc dob\u0159e v\u00ed, \u017ee ani s dobrovoln\u00edky a dobrou v\u00fdbavou nen\u00ed takov\u00e1 pr\u00e1ce hra\u010dka. Zkr\u00e1tka je pot\u0159eba sehnat mnoho obalov\u00e9ho materi\u00e1lu, v\u0161echno zabalit, k\u0159ehk\u00e9 v\u011bci zabalit zvl\u00e1\u0161\u0165, d\u00e1t pozor na to, a\u0165 se nic nerozbije ani neztrat\u00ed, v\u0161echno nanosit do auta, p\u0159ev\u00e9zt na nov\u00e9 m\u00edsto, vynosit ven, vybalit, smontovat, uklidit \u2026 je to zkr\u00e1tka mnoho pr\u00e1ce, kter\u00e1 nen\u00ed nijak p\u0159\u00edjemn\u00e1, je n\u00e1ro\u010dn\u00e1 fyzicky, i na \u010das. A pr\u00e1v\u011b proto je mnohem lep\u0161\u00ed, objednat si spolehlivou firmu na st\u011bhov\u00e1n\u00ed Praha, kter\u00e1 se o v\u0161echno pot\u0159ebn\u00e9 postar\u00e1 za v\u00e1s.                                                                                                                                                                                                                                                                                                                                                                                           3.3\/5 - (3 votes)        "},{"@context":"https:\/\/schema.org\/","@type":"BreadcrumbList","itemListElement":[{"@type":"ListItem","position":1,"name":"Zapome\u0148te na nep\u0159\u00edjemnosti, objednejte si levn\u00e9 st\u011bhov\u00e1n\u00ed Praha!","item":"https:\/\/www.crho.cz\/zapomente-na-neprijemnosti-objednejte-si-levne-stehovani-praha\/#breadcrumbitem"}]}]